{"id":103,"date":"2021-01-19T12:47:36","date_gmt":"2021-01-19T11:47:36","guid":{"rendered":"https:\/\/agsu.cz\/?p=103"},"modified":"2021-01-28T16:00:45","modified_gmt":"2021-01-28T15:00:45","slug":"berlinsky-model","status":"publish","type":"post","link":"https:\/\/agsu.cz\/cs\/udalosti\/berlinsky-model","title":{"rendered":"2018 | Berl\u00ednsk\u00fd model"},"content":{"rendered":"<p><span style=\"font-weight: 400;\">Berl\u00ednsk\u00fd model je spole\u010dn\u00fd projekt pra\u017esk\u00fdch galeri\u00ed, kter\u00e9 do sv\u00fdch galerijn\u00edch prostor p\u0159izvaly berl\u00ednsk\u00e9 galeristy, aby n\u00e1v\u0161t\u011bvn\u00edk\u016fm i profesion\u00e1l\u016fm z oboru uk\u00e1zali, co zaj\u00edmav\u00e9ho se d\u011bje na n\u011bmeck\u00e9 v\u00fdtvarn\u00e9 sc\u00e9n\u011b. V\u00fdsledkem spolupr\u00e1ce n\u011bkolika v\u00fdstavn\u00edch prostor\u016f je program, jeho\u017e c\u00edlem je pos\u00edlen\u00ed pov\u011bdom\u00ed \u0161irok\u00e9 i profesion\u00e1ln\u00ed ve\u0159ejnosti o \u010dinnosti tuzemsk\u00fdch soukrom\u00fdch galeri\u00ed a jejich v\u00fdznamu v oblasti podpory sou\u010dasn\u00e9ho um\u011bn\u00ed.<\/span><\/p>\n<p><span style=\"font-weight: 400;\">Participuj\u00edc\u00ed galerie: <a href=\"https:\/\/berlinskejmodel.cz\" target=\"_blank\" rel=\"noopener\">Berlinskej Model<\/a>, <a href=\"https:\/\/www.fcca.cz\/\" target=\"_blank\" rel=\"noopener\">Centrum pro sou\u010dasn\u00e9 um\u011bn\u00ed Praha<\/a>, <a href=\"http:\/\/huntkastner.com\/\" target=\"_blank\" rel=\"noopener\">hunt kastner<\/a>,<a href=\"https:\/\/drdovagallery.com\" target=\"_blank\" rel=\"noopener\"> Lucie Drdova Gallery<\/a>, <a href=\"http:\/\/polanskygallery.com\/\" target=\"_blank\" rel=\"noopener\">Polansky<\/a><\/span><\/p>","protected":false},"excerpt":{"rendered":"<p>Berl\u00ednsk\u00fd model je spole\u010dn\u00fd projekt pra\u017esk\u00fdch galeri\u00ed, kter\u00e9 do sv\u00fdch galerijn\u00edch prostor p\u0159izvaly berl\u00ednsk\u00e9 galeristy, aby n\u00e1v\u0161t\u011bvn\u00edk\u016fm i profesion\u00e1l\u016fm z oboru uk\u00e1zali, co zaj\u00edmav\u00e9ho se d\u011bje na n\u011bmeck\u00e9 v\u00fdtvarn\u00e9 sc\u00e9n\u011b. V\u00fdsledkem spolupr\u00e1ce n\u011bkolika v\u00fdstavn\u00edch prostor\u016f je program, jeho\u017e c\u00edlem je pos\u00edlen\u00ed pov\u011bdom\u00ed \u0161irok\u00e9 i profesion\u00e1ln\u00ed ve\u0159ejnosti o \u010dinnosti tuzemsk\u00fdch soukrom\u00fdch galeri\u00ed a jejich v\u00fdznamu v [&hellip;]<\/p>\n","protected":false},"author":1,"featured_media":0,"comment_status":"closed","ping_status":"closed","sticky":false,"template":"","format":"standard","meta":{"_acf_changed":false,"footnotes":""},"categories":[5],"tags":[],"class_list":["post-103","post","type-post","status-publish","format-standard","hentry","category-udalosti","wpautop"],"acf":[],"aioseo_notices":[],"_links":{"self":[{"href":"https:\/\/agsu.cz\/cs\/wp-json\/wp\/v2\/posts\/103","targetHints":{"allow":["GET"]}}],"collection":[{"href":"https:\/\/agsu.cz\/cs\/wp-json\/wp\/v2\/posts"}],"about":[{"href":"https:\/\/agsu.cz\/cs\/wp-json\/wp\/v2\/types\/post"}],"author":[{"embeddable":true,"href":"https:\/\/agsu.cz\/cs\/wp-json\/wp\/v2\/users\/1"}],"replies":[{"embeddable":true,"href":"https:\/\/agsu.cz\/cs\/wp-json\/wp\/v2\/comments?post=103"}],"version-history":[{"count":0,"href":"https:\/\/agsu.cz\/cs\/wp-json\/wp\/v2\/posts\/103\/revisions"}],"wp:attachment":[{"href":"https:\/\/agsu.cz\/cs\/wp-json\/wp\/v2\/media?parent=103"}],"wp:term":[{"taxonomy":"category","embeddable":true,"href":"https:\/\/agsu.cz\/cs\/wp-json\/wp\/v2\/categories?post=103"},{"taxonomy":"post_tag","embeddable":true,"href":"https:\/\/agsu.cz\/cs\/wp-json\/wp\/v2\/tags?post=103"}],"curies":[{"name":"wp","href":"https:\/\/api.w.org\/{rel}","templated":true}]}}